{"id":526,"date":"2021-11-10T19:46:27","date_gmt":"2021-11-10T19:46:27","guid":{"rendered":"https:\/\/www.guardianesdelaautoestima.com\/?p=526"},"modified":"2021-12-15T15:37:42","modified_gmt":"2021-12-15T15:37:42","slug":"entrada-2","status":"publish","type":"post","link":"https:\/\/www.guardianesdelaautoestima.com\/index.php\/2021\/11\/10\/entrada-2\/","title":{"rendered":""},"content":{"rendered":"<h3>\n\t\t\t\t\tLOS NI\u00d1OS Y ADOLESCENTES NECESITAN UNA COMUNIDAD QUE<br \/>\nLOS PROTEJA, AM\u00c9 Y GU\u00cdE<br \/>\nA SER QUIENES HAN VENIDO A SER<\/h3>\n<p><strong>Por: Valerie Perezlete&nbsp;<\/strong><\/p>\n<p><strong>\u201cLos ni\u00f1os son de todos\u201d<\/strong>\u2026 <strong>\u201cLos ni\u00f1os del mundo\u201d<\/strong>, escuche decir a una maestra espiritual con quien aprend\u00ed sobre los ritmos del cuerpo, esa idea reson\u00f3 en mi cabeza semanas y meses, alguien hab\u00eda puesto en palabras lo que sent\u00eda desde hace casi 8 a\u00f1os;&nbsp; cuando naci\u00f3 mi primera hija Alyson, por alguna raz\u00f3n que yo no entend\u00eda todos los ni\u00f1os comenzaron a tomar significancia para&nbsp; m\u00ed,&nbsp; los ni\u00f1os me dol\u00edan m\u00e1s que nunca, mi coraz\u00f3n se estrujaba de pensar en los ni\u00f1os solos, desamparados, tristes, maltratados y abusados\u2026 parec\u00eda como si todos los ni\u00f1os fueran mis ni\u00f1os.&nbsp;<\/p>\n<p>Ahora con dos hijos y cientos de alumnos que han pasado por mis aulas; sostengo esto como una verdad: Los ni\u00f1os son de todos, los ni\u00f1os requieren de un sistema familiar, escolar y social que los sostenga, respete, valide, nutra e inspire.<\/p>\n<p>Los ni\u00f1os necesitan que todos los sistemas sociales tomen responsabilidad de ellos, los ni\u00f1os son del mundo y el mundo ser\u00e1 de los ni\u00f1os. Por esa raz\u00f3n deber\u00edamos cuidar de ellos, contribuir a que los ni\u00f1os <strong>(que ser\u00e1n los adultos del futuro)<\/strong> crezcan sanos emocionalmente, libres de condicionamientos violentos, con la autoestima intacta, dispuestos a ser emp\u00e1ticos y a contribuir con el mundo. Si todos entendi\u00e9ramos que podemos y debemos ser guardianes de la ni\u00f1ez, el mundo entero dar\u00eda un giro.&nbsp;&nbsp;<\/p>\n<p>Actualmente se est\u00e1n comenzando a desmoronar muchas estructuras antiguas de la crianza y la educaci\u00f3n, cada vez somos m\u00e1s intolerantes a la violencia y al maltrato, sin embargo, a\u00fan tenemos mucho camino que recorrer en cuanto a respetar las necesidades emocionales de los ni\u00f1os y los adolescentes.&nbsp;<\/p>\n<p>&nbsp;Aunque ya muchos hogares est\u00e1n adoptando estilos de crianza m\u00e1s respetuosos y conscientes, tambi\u00e9n es cierto que, sin un sistema coherente, parece que estamos remando contra corriente.&nbsp;<\/p>\n<p>Los medios de comunicaci\u00f3n parecen no querer cooperar, las redes sociales parecen m\u00e1s un campo minado lleno de bombas de baja autoestima, violencia, desvalorizaci\u00f3n y desconexi\u00f3n.&nbsp;<\/p>\n<p>Las Escuelas reman para lugares distintos, seg\u00fan el sistema del que dependan o los intereses monetarios que las motiven.&nbsp; Adultos indiferentes, ocupados, desconectados, raptados por los aparatos electr\u00f3nicos, intoxicados\u2026 rotos.<\/p>\n<p>&nbsp;Y los ni\u00f1os y adolescentes sorteando, esquivando y finalmente rindi\u00e9ndose a los est\u00e1ndares del mundo que los rodea, solo unos pocos sobreviven a la indiferencia de lo importante y al sometimiento de lo banal.&nbsp;<\/p>\n<p>Por estas razones considero indispensable que los padres que estamos tomando consciencia de lo importante que es criar hijos que no tengan que pasar, la mitad de sus vidas tratando de sanar su infancia, busquemos tribu, busquemos rodearnos de m\u00e1s padres conscientes, busquemos y exijamos escuelas respetuosas y guardianas de la ni\u00f1ez y la adolescencia y si no existen&nbsp; las inventemos, busquemos sistemas que acompa\u00f1en coherente mente a nuestros hijos y rechazamos rotundamente, educadoras, escuelas e incluso personas que atenten contra la integridad f\u00edsica y emocional de nuestros ni\u00f1os y adolescentes.<\/p>\n<p>Busquemos proyectos afines;&nbsp; donde nuestros hijos crezcan y se desarrollen, donde nuestros hijos conecten y exploren su ser esencial.&nbsp;<\/p>\n<p>Si eres docente y tambi\u00e9n eres consciente de esta verdad, busca inspirar a los padres de tus alumnos, s\u00e9 el guardi\u00e1n de tus alumnos, busca cambiar el mundo para ellos.&nbsp;&nbsp;&nbsp;&nbsp;&nbsp;&nbsp;&nbsp;<\/p>\n<p>Yo por lo pronto te ofrezco mi espacio y comunidad te ofrezco ser guardiana de tus hijos, de los m\u00edos y de los del mundo\u2026 porque todos son nuestros y nosotros de todos.<\/p>\n<p><strong>Bienvenido a esta comunidad de Maestros y Padres conscientes.<\/strong><\/p>\n<p><strong>Con amor&nbsp;<\/strong><\/p>\n<p><strong>Valerie&nbsp;<\/strong><\/p>\n<p><img decoding=\"async\" width=\"800\" height=\"341\" src=\"https:\/\/www.guardianesdelaautoestima.com\/wp-content\/uploads\/2021\/11\/ART_2-1024x436.png\" alt=\"\" loading=\"lazy\" srcset=\"https:\/\/www.guardianesdelaautoestima.com\/wp-content\/uploads\/2021\/11\/ART_2-1024x436.png 1024w, https:\/\/www.guardianesdelaautoestima.com\/wp-content\/uploads\/2021\/11\/ART_2-300x128.png 300w, https:\/\/www.guardianesdelaautoestima.com\/wp-content\/uploads\/2021\/11\/ART_2-768x327.png 768w, https:\/\/www.guardianesdelaautoestima.com\/wp-content\/uploads\/2021\/11\/ART_2.png 1244w\" sizes=\"auto, (max-width: 800px) 100vw, 800px\"><br \/>\nShare on facebook<br \/>\nFacebook<br \/>\nShare on twitter<br \/>\nTwitter<br \/>\nShare on linkedin<br \/>\nLinkedIn<\/p>\n","protected":false},"excerpt":{"rendered":"<p>LOS NI\u00d1OS Y ADOLESCENTES NECESITAN UNA COMUNIDAD QUE LOS PROTEJA, AM\u00c9 Y GU\u00cdE A SER QUIENES HAN VENIDO A SER Por: Valerie Perezlete&nbsp; \u201cLos ni\u00f1os son de todos\u201d\u2026 \u201cLos ni\u00f1os del mundo\u201d, escuche decir a una maestra espiritual con quien aprend\u00ed sobre los ritmos del cuerpo, esa idea reson\u00f3 en mi cabeza semanas y meses, [&hellip;]<\/p>\n","protected":false},"author":1,"featured_media":529,"comment_status":"open","ping_status":"open","sticky":false,"template":"","format":"standard","meta":{"footnotes":""},"categories":[1],"tags":[],"class_list":["post-526","post","type-post","status-publish","format-standard","has-post-thumbnail","hentry","category-uncategorized"],"_links":{"self":[{"href":"https:\/\/www.guardianesdelaautoestima.com\/index.php\/wp-json\/wp\/v2\/posts\/526","targetHints":{"allow":["GET"]}}],"collection":[{"href":"https:\/\/www.guardianesdelaautoestima.com\/index.php\/wp-json\/wp\/v2\/posts"}],"about":[{"href":"https:\/\/www.guardianesdelaautoestima.com\/index.php\/wp-json\/wp\/v2\/types\/post"}],"author":[{"embeddable":true,"href":"https:\/\/www.guardianesdelaautoestima.com\/index.php\/wp-json\/wp\/v2\/users\/1"}],"replies":[{"embeddable":true,"href":"https:\/\/www.guardianesdelaautoestima.com\/index.php\/wp-json\/wp\/v2\/comments?post=526"}],"version-history":[{"count":11,"href":"https:\/\/www.guardianesdelaautoestima.com\/index.php\/wp-json\/wp\/v2\/posts\/526\/revisions"}],"predecessor-version":[{"id":554,"href":"https:\/\/www.guardianesdelaautoestima.com\/index.php\/wp-json\/wp\/v2\/posts\/526\/revisions\/554"}],"wp:featuredmedia":[{"embeddable":true,"href":"https:\/\/www.guardianesdelaautoestima.com\/index.php\/wp-json\/wp\/v2\/media\/529"}],"wp:attachment":[{"href":"https:\/\/www.guardianesdelaautoestima.com\/index.php\/wp-json\/wp\/v2\/media?parent=526"}],"wp:term":[{"taxonomy":"category","embeddable":true,"href":"https:\/\/www.guardianesdelaautoestima.com\/index.php\/wp-json\/wp\/v2\/categories?post=526"},{"taxonomy":"post_tag","embeddable":true,"href":"https:\/\/www.guardianesdelaautoestima.com\/index.php\/wp-json\/wp\/v2\/tags?post=526"}],"curies":[{"name":"wp","href":"https:\/\/api.w.org\/{rel}","templated":true}]}}